{"id":2624,"date":"2024-03-15T15:14:01","date_gmt":"2024-03-15T14:14:01","guid":{"rendered":"http:\/\/www.yamaha-music-school-colmar.com\/site\/?p=2624"},"modified":"2025-10-21T21:02:35","modified_gmt":"2025-10-21T19:02:35","slug":"yamaha-national-highlight-concert-2024","status":"publish","type":"post","link":"https:\/\/www.yamaha-music-school-colmar.com\/site\/2024\/03\/15\/yamaha-national-highlight-concert-2024\/","title":{"rendered":"Yamaha National Highlight Concert 2024"},"content":{"rendered":"\n<p>Pour la premi\u00e8re fois en France, le\u00a0<strong>Yamaha National Highlight Concert<\/strong>\u00a0est organis\u00e9 le 17 mars 2024 dans les locaux de\u00a0<strong>Yamaha Music Europe<\/strong>\u00a0\u00e0 Croissy-Beaubourg.\u00a0C&rsquo;est une occasion pour se faire rencontrer les \u00e9l\u00e8ves, les \u00e9coles, et de mutualiser les divers talents repr\u00e9sentatifs du r\u00e9seau national, petits et grands ( \u00e2g\u00e9s de 15 ans maximum).\u00a0Construit sur la base du Junior Original Concert (compositions des \u00e9l\u00e8ves), cet \u00e9v\u00e8nement \u00e9largit le concept en conviant les autres\u00a0<a class=\"\"><\/a>instruments (guitare, chant, batterie) \u00e0 rejoindre la sc\u00e8ne, refl\u00e9tant ainsi une image plus fid\u00e8le de nos activit\u00e9s en \u00e9cole.\u00a0<br>Nous avons re\u00e7u une trentaine de candidatures il y a 1 an, sur les quelques 1000 \u00e9l\u00e8ves du r\u00e9seau fran\u00e7ais.\u00a0Aucun des candidats n\u2019a d\u00e9m\u00e9rit\u00e9 et nous encourageons ceux qui n\u2019ont pas \u00e9t\u00e9 s\u00e9lectionn\u00e9s \u00e0 continuer \u00e0 s\u2019\u00e9panouir dans notre syst\u00e8me\u00a0d\u2019apprentissage.\u00a0Au final, 13 interventions\u00a0avec 20 \u00e9l\u00e8ves\u00a0\u00e2g\u00e9s de 7 \u00e0 15 ans, repr\u00e9sentatifs des diff\u00e9rentes disciplines et des diff\u00e9rents \u00e9coles fran\u00e7aises, vont avoir la\u00a0chance de se produire \u00e0 l\u2019auditorium de chez Yamaha en r\u00e9gion parisienne.\u00a0<\/p>\n\n\n\n<p><br>Voici les \u00e9l\u00e8ves s\u00e9lectionn\u00e9s pour notre \u00e9cole de Colmar<\/p>\n\n\n\n<p>\u00a0<img loading=\"lazy\" decoding=\"async\" height=\"16\" width=\"16\" src=\"https:\/\/static.xx.fbcdn.net\/images\/emoji.php\/v9\/tf4\/1\/16\/2728.png\" alt=\"\u2728\"><strong>Augustin LARCHERES<\/strong>\u00a0&#8211; piano &#8211; 11 ans ( composition &#8211; le r\u00eaveur \u00e9toil\u00e9 ) &#8211; Professeur: Jean-Michel DURAND<\/p>\n\n\n\n<p><img loading=\"lazy\" decoding=\"async\" height=\"16\" width=\"16\" src=\"https:\/\/static.xx.fbcdn.net\/images\/emoji.php\/v9\/tf4\/1\/16\/2728.png\" alt=\"\u2728\"><strong>Celeste WASSER<\/strong>\u00a09 ans et\u00a0<strong>Suzanne WASSER<\/strong>\u00a013 ans &#8211; piano (4 mains &#8211; sonatine no 1 &#8211; Diabelli) &#8211;\u00a0Professeur: Jean-Michel DURAND<\/p>\n\n\n\n<p><img loading=\"lazy\" decoding=\"async\" height=\"16\" width=\"16\" src=\"https:\/\/static.xx.fbcdn.net\/images\/emoji.php\/v9\/tf4\/1\/16\/2728.png\" alt=\"\u2728\"><strong>Sarah CLO<\/strong>\u00a0&#8211; 11 ans &#8211; piano\/voix ( Mon r\u00eave) &#8211;\u00a0Professeur: Ilaha AHUI<\/p>\n\n\n\n<p><img loading=\"lazy\" decoding=\"async\" height=\"16\" width=\"16\" src=\"https:\/\/static.xx.fbcdn.net\/images\/emoji.php\/v9\/tf4\/1\/16\/2728.png\" alt=\"\u2728\"><strong>Ilan SCHNEIDER<\/strong>\u00a0et\u00a0<strong>Steeven RANAIVOSON<\/strong>\u00a0&#8211; 13 ans et 15 ans- guitare \u00e9lectrique ( Band &#8211; the lightning attack) &#8211; Professeur: Maryline HERTZOGBravo \u00e0 eux !\u00a0<\/p>\n","protected":false},"excerpt":{"rendered":"<p>Pour la premi\u00e8re fois en France, le\u00a0Yamaha National Highlight Concert\u00a0est organis\u00e9 le 17 mars 2024 dans les locaux de\u00a0Yamaha Music Europe\u00a0\u00e0 Croissy-Beaubourg.\u00a0C&rsquo;est une occasion pour se faire rencontrer les \u00e9l\u00e8ves, les \u00e9coles, et de mutualiser les divers talents repr\u00e9sentatifs du r\u00e9seau national, petits et grands ( \u00e2g\u00e9s de 15 ans maximum).\u00a0Construit sur la base du [&hellip;]<\/p>\n","protected":false},"author":2,"featured_media":2627,"comment_status":"closed","ping_status":"open","sticky":false,"template":"","format":"standard","meta":{"_uag_custom_page_level_css":"","site-sidebar-layout":"default","site-content-layout":"","ast-site-content-layout":"default","site-content-style":"default","site-sidebar-style":"default","ast-global-header-display":"","ast-banner-title-visibility":"","ast-main-header-display":"","ast-hfb-above-header-display":"","ast-hfb-below-header-display":"","ast-hfb-mobile-header-display":"","site-post-title":"","ast-breadcrumbs-content":"","ast-featured-img":"","footer-sml-layout":"","theme-transparent-header-meta":"","adv-header-id-meta":"","stick-header-meta":"","header-above-stick-meta":"","header-main-stick-meta":"","header-below-stick-meta":"","astra-migrate-meta-layouts":"set","ast-page-background-enabled":"default","ast-page-background-meta":{"desktop":{"background-color":"","background-image":"","background-repeat":"repeat","background-position":"center center","background-size":"auto","background-attachment":"scroll","background-type":"","background-media":"","overlay-type":"","overlay-color":"","overlay-opacity":"","overlay-gradient":""},"tablet":{"background-color":"","background-image":"","background-repeat":"repeat","background-position":"center center","background-size":"auto","background-attachment":"scroll","background-type":"","background-media":"","overlay-type":"","overlay-color":"","overlay-opacity":"","overlay-gradient":""},"mobile":{"background-color":"","background-image":"","background-repeat":"repeat","background-position":"center center","background-size":"auto","background-attachment":"scroll","background-type":"","background-media":"","overlay-type":"","overlay-color":"","overlay-opacity":"","overlay-gradient":""}},"ast-content-background-meta":{"desktop":{"background-color":"var(--ast-global-color-5)","background-image":"","background-repeat":"repeat","background-position":"center center","background-size":"auto","background-attachment":"scroll","background-type":"","background-media":"","overlay-type":"","overlay-color":"","overlay-opacity":"","overlay-gradient":""},"tablet":{"background-color":"var(--ast-global-color-5)","background-image":"","background-repeat":"repeat","background-position":"center center","background-size":"auto","background-attachment":"scroll","background-type":"","background-media":"","overlay-type":"","overlay-color":"","overlay-opacity":"","overlay-gradient":""},"mobile":{"background-color":"var(--ast-global-color-5)","background-image":"","background-repeat":"repeat","background-position":"center center","background-size":"auto","background-attachment":"scroll","background-type":"","background-media":"","overlay-type":"","overlay-color":"","overlay-opacity":"","overlay-gradient":""}},"_themeisle_gutenberg_block_has_review":false,"footnotes":""},"categories":[2,1],"tags":[8],"class_list":["post-2624","post","type-post","status-publish","format-standard","has-post-thumbnail","hentry","category-actualite","category-non-classe","tag-featured"],"featured_image_urls_v2":{"full":["https:\/\/www.yamaha-music-school-colmar.com\/site\/wp-content\/uploads\/2024\/03\/FR_YNHC24_A2-2.jpg",1653,2338,false],"thumbnail":["https:\/\/www.yamaha-music-school-colmar.com\/site\/wp-content\/uploads\/2024\/03\/FR_YNHC24_A2-2-150x150.jpg",150,150,true],"medium":["https:\/\/www.yamaha-music-school-colmar.com\/site\/wp-content\/uploads\/2024\/03\/FR_YNHC24_A2-2-212x300.jpg",212,300,true],"medium_large":["https:\/\/www.yamaha-music-school-colmar.com\/site\/wp-content\/uploads\/2024\/03\/FR_YNHC24_A2-2-768x1086.jpg",768,1086,true],"large":["https:\/\/www.yamaha-music-school-colmar.com\/site\/wp-content\/uploads\/2024\/03\/FR_YNHC24_A2-2-724x1024.jpg",724,1024,true],"1536x1536":["https:\/\/www.yamaha-music-school-colmar.com\/site\/wp-content\/uploads\/2024\/03\/FR_YNHC24_A2-2-1086x1536.jpg",1086,1536,true],"2048x2048":["https:\/\/www.yamaha-music-school-colmar.com\/site\/wp-content\/uploads\/2024\/03\/FR_YNHC24_A2-2-1448x2048.jpg",1448,2048,true]},"post_excerpt_stackable_v2":"<p>Pour la premi\u00e8re fois en France, le\u00a0Yamaha National Highlight Concert\u00a0est organis\u00e9 le 17 mars 2024 dans les locaux de\u00a0Yamaha Music Europe\u00a0\u00e0 Croissy-Beaubourg.\u00a0C&rsquo;est une occasion pour se faire rencontrer les \u00e9l\u00e8ves, les \u00e9coles, et de mutualiser les divers talents repr\u00e9sentatifs du r\u00e9seau national, petits et grands ( \u00e2g\u00e9s de 15 ans maximum).\u00a0Construit sur la base du Junior Original Concert (compositions des \u00e9l\u00e8ves), cet \u00e9v\u00e8nement \u00e9largit le concept en conviant les autres\u00a0instruments (guitare, chant, batterie) \u00e0 rejoindre la sc\u00e8ne, refl\u00e9tant ainsi une image plus fid\u00e8le de nos activit\u00e9s en \u00e9cole.\u00a0Nous avons re\u00e7u une trentaine de candidatures il y a 1 an, sur\u2026<\/p>\n","category_list_v2":"<a href=\"https:\/\/www.yamaha-music-school-colmar.com\/site\/category\/actualite\/\" rel=\"category tag\">Actualit\u00e9s<\/a>, <a href=\"https:\/\/www.yamaha-music-school-colmar.com\/site\/category\/non-classe\/\" rel=\"category tag\">Non class\u00e9<\/a>","author_info_v2":{"name":"Jean-Michel DURAND","url":"https:\/\/www.yamaha-music-school-colmar.com\/site\/author\/jmdymsc68\/"},"comments_num_v2":"0 commentaire","uagb_featured_image_src":{"full":["https:\/\/www.yamaha-music-school-colmar.com\/site\/wp-content\/uploads\/2024\/03\/FR_YNHC24_A2-2.jpg",1653,2338,false],"thumbnail":["https:\/\/www.yamaha-music-school-colmar.com\/site\/wp-content\/uploads\/2024\/03\/FR_YNHC24_A2-2-150x150.jpg",150,150,true],"medium":["https:\/\/www.yamaha-music-school-colmar.com\/site\/wp-content\/uploads\/2024\/03\/FR_YNHC24_A2-2-212x300.jpg",212,300,true],"medium_large":["https:\/\/www.yamaha-music-school-colmar.com\/site\/wp-content\/uploads\/2024\/03\/FR_YNHC24_A2-2-768x1086.jpg",768,1086,true],"large":["https:\/\/www.yamaha-music-school-colmar.com\/site\/wp-content\/uploads\/2024\/03\/FR_YNHC24_A2-2-724x1024.jpg",724,1024,true],"1536x1536":["https:\/\/www.yamaha-music-school-colmar.com\/site\/wp-content\/uploads\/2024\/03\/FR_YNHC24_A2-2-1086x1536.jpg",1086,1536,true],"2048x2048":["https:\/\/www.yamaha-music-school-colmar.com\/site\/wp-content\/uploads\/2024\/03\/FR_YNHC24_A2-2-1448x2048.jpg",1448,2048,true]},"uagb_author_info":{"display_name":"Jean-Michel DURAND","author_link":"https:\/\/www.yamaha-music-school-colmar.com\/site\/author\/jmdymsc68\/"},"uagb_comment_info":0,"uagb_excerpt":"Pour la premi\u00e8re fois en France, le\u00a0Yamaha National Highlight Concert\u00a0est organis\u00e9 le 17 mars 2024 dans les locaux de\u00a0Yamaha Music Europe\u00a0\u00e0 Croissy-Beaubourg.\u00a0C&rsquo;est une occasion pour se faire rencontrer les \u00e9l\u00e8ves, les \u00e9coles, et de mutualiser les divers talents repr\u00e9sentatifs du r\u00e9seau national, petits et grands ( \u00e2g\u00e9s de 15 ans maximum).\u00a0Construit sur la base du\u2026","_links":{"self":[{"href":"https:\/\/www.yamaha-music-school-colmar.com\/site\/wp-json\/wp\/v2\/posts\/2624","targetHints":{"allow":["GET"]}}],"collection":[{"href":"https:\/\/www.yamaha-music-school-colmar.com\/site\/wp-json\/wp\/v2\/posts"}],"about":[{"href":"https:\/\/www.yamaha-music-school-colmar.com\/site\/wp-json\/wp\/v2\/types\/post"}],"author":[{"embeddable":true,"href":"https:\/\/www.yamaha-music-school-colmar.com\/site\/wp-json\/wp\/v2\/users\/2"}],"replies":[{"embeddable":true,"href":"https:\/\/www.yamaha-music-school-colmar.com\/site\/wp-json\/wp\/v2\/comments?post=2624"}],"version-history":[{"count":1,"href":"https:\/\/www.yamaha-music-school-colmar.com\/site\/wp-json\/wp\/v2\/posts\/2624\/revisions"}],"predecessor-version":[{"id":2628,"href":"https:\/\/www.yamaha-music-school-colmar.com\/site\/wp-json\/wp\/v2\/posts\/2624\/revisions\/2628"}],"wp:featuredmedia":[{"embeddable":true,"href":"https:\/\/www.yamaha-music-school-colmar.com\/site\/wp-json\/wp\/v2\/media\/2627"}],"wp:attachment":[{"href":"https:\/\/www.yamaha-music-school-colmar.com\/site\/wp-json\/wp\/v2\/media?parent=2624"}],"wp:term":[{"taxonomy":"category","embeddable":true,"href":"https:\/\/www.yamaha-music-school-colmar.com\/site\/wp-json\/wp\/v2\/categories?post=2624"},{"taxonomy":"post_tag","embeddable":true,"href":"https:\/\/www.yamaha-music-school-colmar.com\/site\/wp-json\/wp\/v2\/tags?post=2624"}],"curies":[{"name":"wp","href":"https:\/\/api.w.org\/{rel}","templated":true}]}}